{"id":1755,"date":"2025-04-22T12:00:23","date_gmt":"2025-04-22T16:00:23","guid":{"rendered":"https:\/\/perlitchtransport.com\/?p=1755"},"modified":"2025-04-22T13:50:48","modified_gmt":"2025-04-22T17:50:48","slug":"celebrons-le-jour-de-la-terre-avec-des-solutions-durables-de-transport-routier-de-marchandises","status":"publish","type":"post","link":"https:\/\/perlitchtransport.com\/fr\/celebrons-le-jour-de-la-terre-avec-des-solutions-durables-de-transport-routier-de-marchandises\/","title":{"rendered":"Conduisez plus intelligemment, conduisez plus \u00e9cologiquement\u00a0: transport durable pour le Jour de la Terre"},"content":{"rendered":"<img loading=\"lazy\" decoding=\"async\" class=\"alignnone wp-image-1750 size-full\" src=\"https:\/\/perlitchtransport.com\/wp-content\/uploads\/2025\/04\/photo_2025-04-12_00-39-04.jpg\" alt=\"\" width=\"1280\" height=\"852\" srcset=\"https:\/\/perlitchtransport.com\/wp-content\/uploads\/2025\/04\/photo_2025-04-12_00-39-04.jpg 1280w, https:\/\/perlitchtransport.com\/wp-content\/uploads\/2025\/04\/photo_2025-04-12_00-39-04-640x426.jpg 640w, https:\/\/perlitchtransport.com\/wp-content\/uploads\/2025\/04\/photo_2025-04-12_00-39-04-768x511.jpg 768w, https:\/\/perlitchtransport.com\/wp-content\/uploads\/2025\/04\/photo_2025-04-12_00-39-04-320x213.jpg 320w\" sizes=\"auto, (max-width: 1280px) 100vw, 1280px\" \/>\n<h2><strong><span style=\"vertical-align: inherit;\"><span style=\"vertical-align: inherit;\">Drive smarter, drive greener: Sustainable transportation for Earth Day<\/span><\/span><\/strong><\/h2>\n<p><span style=\"font-weight: 400;\"><span style=\"vertical-align: inherit;\"><span style=\"vertical-align: inherit;\">Every year on April 22, the world celebrates <\/span><\/span><strong><span style=\"vertical-align: inherit;\"><span style=\"vertical-align: inherit;\">Earth Day<\/span><\/span><\/strong><span style=\"vertical-align: inherit;\"><span style=\"vertical-align: inherit;\"> , a global movement dedicated to protecting our planet. At <\/span><\/span><strong><a href=\"https:\/\/perlitchtransport.com\/\" target=\"_blank\" rel=\"noopener\"><span style=\"vertical-align: inherit;\"><span style=\"vertical-align: inherit;\">Perlitch Transport<\/span><\/span><\/a><\/strong><span style=\"vertical-align: inherit;\"><span style=\"vertical-align: inherit;\"> , sustainability isn&#8217;t just something we think about once a year\u2014it&#8217;s a core value embedded in our daily operations. It&#8217;s not just a trend; it&#8217;s a critical part of how we move goods: efficiently, responsibly, and purposefully.<\/span><\/span><\/span><\/p>\n<p><span style=\"font-weight: 400;\"><span style=\"vertical-align: inherit;\"><span style=\"vertical-align: inherit;\">In a sector that plays a vital role in global supply chains, we believe in making significant progress to reduce our environmental impact while continuing to deliver the reliability and efficiency our partners rely on.<\/span><\/span><\/span><\/p>\n<h2><strong><span style=\"vertical-align: inherit;\"><span style=\"vertical-align: inherit;\">Sustainability in Transportation: Our Commitment to a Cleaner Planet<\/span><\/span><\/strong><\/h2>\n<p><span style=\"font-weight: 400;\"><span style=\"vertical-align: inherit;\"><span style=\"vertical-align: inherit;\">Here&#8217;s how, as a SmartWay certified carrier, we&#8217;re changing the transportation industry:<\/span><\/span><\/span><\/p>\n<p><span style=\"font-weight: 400;\"><a href=\"https:\/\/perlitchtransport.com\/about-us\/\" target=\"_blank\" rel=\"noopener\"><strong><span style=\"vertical-align: inherit;\"><span style=\"vertical-align: inherit;\">SmartWay Certification<\/span><\/span><\/strong><\/a><span style=\"vertical-align: inherit;\"><span style=\"vertical-align: inherit;\"> &#8211; In partnership with the Environmental Protection Agency (EPA), we ensure our trucking operations meet rigorous fuel efficiency and emission reduction standards. This results in reduced pollution, fuel consumption, and the carbon footprint of every shipment.<\/span><\/span><\/span><\/p>\n<p><span style=\"font-weight: 400;\"><strong><span style=\"vertical-align: inherit;\"><span style=\"vertical-align: inherit;\">Optimized Routes<\/span><\/span><\/strong><span style=\"vertical-align: inherit;\"><span style=\"vertical-align: inherit;\"> &#8211; By leveraging advanced route planning through our <\/span><\/span><a href=\"https:\/\/perlitchtransport.com\/technology\/\" target=\"_blank\" rel=\"noopener\"><span style=\"vertical-align: inherit;\"><span style=\"vertical-align: inherit;\">TMS<\/span><\/span><\/a><span style=\"vertical-align: inherit;\"><span style=\"vertical-align: inherit;\"> software , we minimize empty miles, reduce fuel waste, and lower unnecessary emissions. Fewer empty trucks on the road means a cleaner environment for everyone.<\/span><\/span><\/span><\/p>\n<p><span style=\"font-weight: 400;\"><strong><span style=\"vertical-align: inherit;\"><span style=\"vertical-align: inherit;\">Fleet Modernization<\/span><\/span><\/strong><span style=\"vertical-align: inherit;\"><span style=\"vertical-align: inherit;\"> &#8211; We invest in modern, fuel-efficient vehicles equipped with the latest technology, which helps reduce fuel consumption and emissions. By modernizing our fleet, we improve not only sustainability, but also safety and reliability.<\/span><\/span><\/span><\/p>\n<p><span style=\"font-weight: 400;\"><strong><span style=\"vertical-align: inherit;\"><span style=\"vertical-align: inherit;\">Eco-conscious office practices<\/span><\/span><\/strong><span style=\"vertical-align: inherit;\"><span style=\"vertical-align: inherit;\"> &#8211; For us, sustainability doesn&#8217;t stop at the road. We implement eco-friendly initiatives in our offices, whether it&#8217;s reducing paper waste, recycling, or encouraging energy-efficient practices in our facilities. We believe that, when implemented consistently, small actions have a significant impact.<\/span><\/span><\/span><\/p>\n<h2><strong><span style=\"vertical-align: inherit;\"><span style=\"vertical-align: inherit;\">The Importance of Sustainable Development in OTR Transportation<\/span><\/span><\/strong><\/h2>\n<p><span style=\"font-weight: 400;\"><span style=\"vertical-align: inherit;\"><span style=\"vertical-align: inherit;\">The trucking industry is a significant contributor to global emissions, but we believe there&#8217;s a better way forward. At <\/span><\/span><strong><a href=\"https:\/\/perlitchtransport.com\/\" target=\"_blank\" rel=\"noopener\"><span style=\"vertical-align: inherit;\"><span style=\"vertical-align: inherit;\">Perlitch Transport<\/span><\/span><\/a><\/strong><span style=\"vertical-align: inherit;\"><span style=\"vertical-align: inherit;\"> , we&#8217;re committed to moving freight responsibly without compromising quality or efficiency. Adopting sustainable trucking contributes to a healthier planet and helps businesses achieve their corporate social responsibility (CSR) goals\u2014building cleaner supply chains and moving toward a greener future.<\/span><\/span><\/span><\/p>\n<h3><strong><span style=\"vertical-align: inherit;\"><span style=\"vertical-align: inherit;\">Join us to make a difference<\/span><\/span><\/strong><\/h3>\n<p><span style=\"font-weight: 400;\"><span style=\"vertical-align: inherit;\"><span style=\"vertical-align: inherit;\">At <\/span><\/span><strong><a href=\"https:\/\/perlitchtransport.com\/\" target=\"_blank\" rel=\"noopener\"><span style=\"vertical-align: inherit;\"><span style=\"vertical-align: inherit;\">Perlitch Transport<\/span><\/span><\/a><\/strong><span style=\"vertical-align: inherit;\"><span style=\"vertical-align: inherit;\"> , we know that every mile you travel is an opportunity to move toward a greener future. Whether you&#8217;re a business looking for more sustainable transportation solutions or simply an individual making everyday choices to support the planet, your efforts add up. Together, we can build a cleaner, smarter, and more responsible future.<\/span><\/span><\/span><\/p>\n","protected":false},"excerpt":{"rendered":"Drive smarter, drive greener: Sustainable transportation for Earth Day Every year on April 22, the world celebrates Earth Day , a global movement dedicated to protecting our planet. At Perlitch Transport , sustainability isn&#8217;t just something we think about once a year\u2014it&#8217;s a core value embedded in our daily operations. It&#8217;s not just a trend; [&hellip;]","protected":false},"author":2,"featured_media":1751,"comment_status":"closed","ping_status":"closed","sticky":false,"template":"","format":"standard","meta":{"_acf_changed":false,"footnotes":""},"categories":[3],"tags":[],"class_list":["post-1755","post","type-post","status-publish","format-standard","has-post-thumbnail","hentry","category-non-classifiee"],"acf":[],"yoast_head":"<!-- This site is optimized with the Yoast SEO plugin v27.3 - https:\/\/yoast.com\/product\/yoast-seo-wordpress\/ -->\n<title>Conduisez plus intelligemment, conduisez plus \u00e9cologiquement| Perlitch Transport<\/title>\n<meta name=\"description\" content=\"Chaque ann\u00e9e, le 22 avril, le monde entier c\u00e9l\u00e8bre la Journ\u00e9e de la Terre, un mouvement mondial d\u00e9di\u00e9 \u00e0 la protection de notre plan\u00e8te. Chez Perlitch Transport, le d\u00e9veloppement durable n&#039;est pas seulement une chose \u00e0 laquelle nous pensons une fois par an - c&#039;est une valeur fondamentale int\u00e9gr\u00e9e dans les op\u00e9rations quotidiennes.\" \/>\n<meta name=\"robots\" content=\"index, follow, max-snippet:-1, max-image-preview:large, max-video-preview:-1\" \/>\n<link rel=\"canonical\" href=\"https:\/\/perlitchtransport.com\/fr\/celebrons-le-jour-de-la-terre-avec-des-solutions-durables-de-transport-routier-de-marchandises\/\" \/>\n<meta property=\"og:locale\" content=\"fr_FR\" \/>\n<meta property=\"og:type\" content=\"article\" \/>\n<meta property=\"og:title\" content=\"Conduisez plus intelligemment, conduisez plus \u00e9cologiquement| Perlitch Transport\" \/>\n<meta property=\"og:description\" content=\"Chaque ann\u00e9e, le 22 avril, le monde entier c\u00e9l\u00e8bre la Journ\u00e9e de la Terre, un mouvement mondial d\u00e9di\u00e9 \u00e0 la protection de notre plan\u00e8te. Chez Perlitch Transport, le d\u00e9veloppement durable n&#039;est pas seulement une chose \u00e0 laquelle nous pensons une fois par an - c&#039;est une valeur fondamentale int\u00e9gr\u00e9e dans les op\u00e9rations quotidiennes.\" \/>\n<meta property=\"og:url\" content=\"https:\/\/perlitchtransport.com\/fr\/celebrons-le-jour-de-la-terre-avec-des-solutions-durables-de-transport-routier-de-marchandises\/\" \/>\n<meta property=\"og:site_name\" content=\"Perlitch Transport\" \/>\n<meta property=\"article:published_time\" content=\"2025-04-22T16:00:23+00:00\" \/>\n<meta property=\"article:modified_time\" content=\"2025-04-22T17:50:48+00:00\" \/>\n<meta property=\"og:image\" content=\"https:\/\/perlitchtransport.com\/wp-content\/uploads\/2025\/04\/photo_2025-04-12_00-39-04.jpg\" \/>\n\t<meta property=\"og:image:width\" content=\"1280\" \/>\n\t<meta property=\"og:image:height\" content=\"852\" \/>\n\t<meta property=\"og:image:type\" content=\"image\/jpeg\" \/>\n<meta name=\"author\" content=\"Samantha Hunchberger\" \/>\n<meta name=\"twitter:card\" content=\"summary_large_image\" \/>\n<script type=\"application\/ld+json\" class=\"yoast-schema-graph\">{\"@context\":\"https:\\\/\\\/schema.org\",\"@graph\":[{\"@type\":\"Article\",\"@id\":\"https:\\\/\\\/perlitchtransport.com\\\/fr\\\/celebrons-le-jour-de-la-terre-avec-des-solutions-durables-de-transport-routier-de-marchandises\\\/#article\",\"isPartOf\":{\"@id\":\"https:\\\/\\\/perlitchtransport.com\\\/fr\\\/celebrons-le-jour-de-la-terre-avec-des-solutions-durables-de-transport-routier-de-marchandises\\\/\"},\"author\":{\"name\":\"Samantha Hunchberger\",\"@id\":\"https:\\\/\\\/perlitchtransport.com\\\/fr\\\/#\\\/schema\\\/person\\\/aafe521cb4aca121f0d4d4697046a50e\"},\"headline\":\"Conduisez plus intelligemment, conduisez plus \u00e9cologiquement\u00a0: transport durable pour le Jour de la Terre\",\"datePublished\":\"2025-04-22T16:00:23+00:00\",\"dateModified\":\"2025-04-22T17:50:48+00:00\",\"mainEntityOfPage\":{\"@id\":\"https:\\\/\\\/perlitchtransport.com\\\/fr\\\/celebrons-le-jour-de-la-terre-avec-des-solutions-durables-de-transport-routier-de-marchandises\\\/\"},\"wordCount\":428,\"publisher\":{\"@id\":\"https:\\\/\\\/perlitchtransport.com\\\/fr\\\/#organization\"},\"image\":{\"@id\":\"https:\\\/\\\/perlitchtransport.com\\\/fr\\\/celebrons-le-jour-de-la-terre-avec-des-solutions-durables-de-transport-routier-de-marchandises\\\/#primaryimage\"},\"thumbnailUrl\":\"https:\\\/\\\/perlitchtransport.com\\\/wp-content\\\/uploads\\\/2025\\\/04\\\/photo_2025-04-12_00-39-04.jpg\",\"articleSection\":[\"Non classifi\u00e9(e)\"],\"inLanguage\":\"fr-FR\"},{\"@type\":\"WebPage\",\"@id\":\"https:\\\/\\\/perlitchtransport.com\\\/fr\\\/celebrons-le-jour-de-la-terre-avec-des-solutions-durables-de-transport-routier-de-marchandises\\\/\",\"url\":\"https:\\\/\\\/perlitchtransport.com\\\/fr\\\/celebrons-le-jour-de-la-terre-avec-des-solutions-durables-de-transport-routier-de-marchandises\\\/\",\"name\":\"Conduisez plus intelligemment, conduisez plus \u00e9cologiquement| Perlitch Transport\",\"isPartOf\":{\"@id\":\"https:\\\/\\\/perlitchtransport.com\\\/fr\\\/#website\"},\"primaryImageOfPage\":{\"@id\":\"https:\\\/\\\/perlitchtransport.com\\\/fr\\\/celebrons-le-jour-de-la-terre-avec-des-solutions-durables-de-transport-routier-de-marchandises\\\/#primaryimage\"},\"image\":{\"@id\":\"https:\\\/\\\/perlitchtransport.com\\\/fr\\\/celebrons-le-jour-de-la-terre-avec-des-solutions-durables-de-transport-routier-de-marchandises\\\/#primaryimage\"},\"thumbnailUrl\":\"https:\\\/\\\/perlitchtransport.com\\\/wp-content\\\/uploads\\\/2025\\\/04\\\/photo_2025-04-12_00-39-04.jpg\",\"datePublished\":\"2025-04-22T16:00:23+00:00\",\"dateModified\":\"2025-04-22T17:50:48+00:00\",\"description\":\"Chaque ann\u00e9e, le 22 avril, le monde entier c\u00e9l\u00e8bre la Journ\u00e9e de la Terre, un mouvement mondial d\u00e9di\u00e9 \u00e0 la protection de notre plan\u00e8te. Chez Perlitch Transport, le d\u00e9veloppement durable n'est pas seulement une chose \u00e0 laquelle nous pensons une fois par an - c'est une valeur fondamentale int\u00e9gr\u00e9e dans les op\u00e9rations quotidiennes.\",\"breadcrumb\":{\"@id\":\"https:\\\/\\\/perlitchtransport.com\\\/fr\\\/celebrons-le-jour-de-la-terre-avec-des-solutions-durables-de-transport-routier-de-marchandises\\\/#breadcrumb\"},\"inLanguage\":\"fr-FR\",\"potentialAction\":[{\"@type\":\"ReadAction\",\"target\":[\"https:\\\/\\\/perlitchtransport.com\\\/fr\\\/celebrons-le-jour-de-la-terre-avec-des-solutions-durables-de-transport-routier-de-marchandises\\\/\"]}]},{\"@type\":\"ImageObject\",\"inLanguage\":\"fr-FR\",\"@id\":\"https:\\\/\\\/perlitchtransport.com\\\/fr\\\/celebrons-le-jour-de-la-terre-avec-des-solutions-durables-de-transport-routier-de-marchandises\\\/#primaryimage\",\"url\":\"https:\\\/\\\/perlitchtransport.com\\\/wp-content\\\/uploads\\\/2025\\\/04\\\/photo_2025-04-12_00-39-04.jpg\",\"contentUrl\":\"https:\\\/\\\/perlitchtransport.com\\\/wp-content\\\/uploads\\\/2025\\\/04\\\/photo_2025-04-12_00-39-04.jpg\",\"width\":1280,\"height\":852},{\"@type\":\"BreadcrumbList\",\"@id\":\"https:\\\/\\\/perlitchtransport.com\\\/fr\\\/celebrons-le-jour-de-la-terre-avec-des-solutions-durables-de-transport-routier-de-marchandises\\\/#breadcrumb\",\"itemListElement\":[{\"@type\":\"ListItem\",\"position\":1,\"name\":\"Home\",\"item\":\"https:\\\/\\\/perlitchtransport.com\\\/fr\\\/\"},{\"@type\":\"ListItem\",\"position\":2,\"name\":\"Conduisez plus intelligemment, conduisez plus \u00e9cologiquement\u00a0: transport durable pour le Jour de la Terre\"}]},{\"@type\":\"WebSite\",\"@id\":\"https:\\\/\\\/perlitchtransport.com\\\/fr\\\/#website\",\"url\":\"https:\\\/\\\/perlitchtransport.com\\\/fr\\\/\",\"name\":\"Perlitch Transport\",\"description\":\"Delivering top-notch transportation and logistics solutions since 2007\",\"publisher\":{\"@id\":\"https:\\\/\\\/perlitchtransport.com\\\/fr\\\/#organization\"},\"potentialAction\":[{\"@type\":\"SearchAction\",\"target\":{\"@type\":\"EntryPoint\",\"urlTemplate\":\"https:\\\/\\\/perlitchtransport.com\\\/fr\\\/?s={search_term_string}\"},\"query-input\":{\"@type\":\"PropertyValueSpecification\",\"valueRequired\":true,\"valueName\":\"search_term_string\"}}],\"inLanguage\":\"fr-FR\"},{\"@type\":\"Organization\",\"@id\":\"https:\\\/\\\/perlitchtransport.com\\\/fr\\\/#organization\",\"name\":\"Perlitch Transport\",\"url\":\"https:\\\/\\\/perlitchtransport.com\\\/fr\\\/\",\"logo\":{\"@type\":\"ImageObject\",\"inLanguage\":\"fr-FR\",\"@id\":\"https:\\\/\\\/perlitchtransport.com\\\/fr\\\/#\\\/schema\\\/logo\\\/image\\\/\",\"url\":\"https:\\\/\\\/perlitchtransport.com\\\/wp-content\\\/uploads\\\/2024\\\/11\\\/social_alt.jpg\",\"contentUrl\":\"https:\\\/\\\/perlitchtransport.com\\\/wp-content\\\/uploads\\\/2024\\\/11\\\/social_alt.jpg\",\"width\":696,\"height\":696,\"caption\":\"Perlitch Transport\"},\"image\":{\"@id\":\"https:\\\/\\\/perlitchtransport.com\\\/fr\\\/#\\\/schema\\\/logo\\\/image\\\/\"},\"sameAs\":[\"https:\\\/\\\/www.linkedin.com\\\/company\\\/perlitch-transport\\\/posts\\\/?feedView=all\",\"https:\\\/\\\/www.instagram.com\\\/perlitchtransport\\\/\"]},{\"@type\":\"Person\",\"@id\":\"https:\\\/\\\/perlitchtransport.com\\\/fr\\\/#\\\/schema\\\/person\\\/aafe521cb4aca121f0d4d4697046a50e\",\"name\":\"Samantha Hunchberger\"}]}<\/script>\n<!-- \/ Yoast SEO plugin. -->","yoast_head_json":{"title":"Conduisez plus intelligemment, conduisez plus \u00e9cologiquement| Perlitch Transport","description":"Chaque ann\u00e9e, le 22 avril, le monde entier c\u00e9l\u00e8bre la Journ\u00e9e de la Terre, un mouvement mondial d\u00e9di\u00e9 \u00e0 la protection de notre plan\u00e8te. Chez Perlitch Transport, le d\u00e9veloppement durable n'est pas seulement une chose \u00e0 laquelle nous pensons une fois par an - c'est une valeur fondamentale int\u00e9gr\u00e9e dans les op\u00e9rations quotidiennes.","robots":{"index":"index","follow":"follow","max-snippet":"max-snippet:-1","max-image-preview":"max-image-preview:large","max-video-preview":"max-video-preview:-1"},"canonical":"https:\/\/perlitchtransport.com\/fr\/celebrons-le-jour-de-la-terre-avec-des-solutions-durables-de-transport-routier-de-marchandises\/","og_locale":"fr_FR","og_type":"article","og_title":"Conduisez plus intelligemment, conduisez plus \u00e9cologiquement| Perlitch Transport","og_description":"Chaque ann\u00e9e, le 22 avril, le monde entier c\u00e9l\u00e8bre la Journ\u00e9e de la Terre, un mouvement mondial d\u00e9di\u00e9 \u00e0 la protection de notre plan\u00e8te. Chez Perlitch Transport, le d\u00e9veloppement durable n'est pas seulement une chose \u00e0 laquelle nous pensons une fois par an - c'est une valeur fondamentale int\u00e9gr\u00e9e dans les op\u00e9rations quotidiennes.","og_url":"https:\/\/perlitchtransport.com\/fr\/celebrons-le-jour-de-la-terre-avec-des-solutions-durables-de-transport-routier-de-marchandises\/","og_site_name":"Perlitch Transport","article_published_time":"2025-04-22T16:00:23+00:00","article_modified_time":"2025-04-22T17:50:48+00:00","og_image":[{"width":1280,"height":852,"url":"https:\/\/perlitchtransport.com\/wp-content\/uploads\/2025\/04\/photo_2025-04-12_00-39-04.jpg","type":"image\/jpeg"}],"author":"Samantha Hunchberger","twitter_card":"summary_large_image","schema":{"@context":"https:\/\/schema.org","@graph":[{"@type":"Article","@id":"https:\/\/perlitchtransport.com\/fr\/celebrons-le-jour-de-la-terre-avec-des-solutions-durables-de-transport-routier-de-marchandises\/#article","isPartOf":{"@id":"https:\/\/perlitchtransport.com\/fr\/celebrons-le-jour-de-la-terre-avec-des-solutions-durables-de-transport-routier-de-marchandises\/"},"author":{"name":"Samantha Hunchberger","@id":"https:\/\/perlitchtransport.com\/fr\/#\/schema\/person\/aafe521cb4aca121f0d4d4697046a50e"},"headline":"Conduisez plus intelligemment, conduisez plus \u00e9cologiquement\u00a0: transport durable pour le Jour de la Terre","datePublished":"2025-04-22T16:00:23+00:00","dateModified":"2025-04-22T17:50:48+00:00","mainEntityOfPage":{"@id":"https:\/\/perlitchtransport.com\/fr\/celebrons-le-jour-de-la-terre-avec-des-solutions-durables-de-transport-routier-de-marchandises\/"},"wordCount":428,"publisher":{"@id":"https:\/\/perlitchtransport.com\/fr\/#organization"},"image":{"@id":"https:\/\/perlitchtransport.com\/fr\/celebrons-le-jour-de-la-terre-avec-des-solutions-durables-de-transport-routier-de-marchandises\/#primaryimage"},"thumbnailUrl":"https:\/\/perlitchtransport.com\/wp-content\/uploads\/2025\/04\/photo_2025-04-12_00-39-04.jpg","articleSection":["Non classifi\u00e9(e)"],"inLanguage":"fr-FR"},{"@type":"WebPage","@id":"https:\/\/perlitchtransport.com\/fr\/celebrons-le-jour-de-la-terre-avec-des-solutions-durables-de-transport-routier-de-marchandises\/","url":"https:\/\/perlitchtransport.com\/fr\/celebrons-le-jour-de-la-terre-avec-des-solutions-durables-de-transport-routier-de-marchandises\/","name":"Conduisez plus intelligemment, conduisez plus \u00e9cologiquement| Perlitch Transport","isPartOf":{"@id":"https:\/\/perlitchtransport.com\/fr\/#website"},"primaryImageOfPage":{"@id":"https:\/\/perlitchtransport.com\/fr\/celebrons-le-jour-de-la-terre-avec-des-solutions-durables-de-transport-routier-de-marchandises\/#primaryimage"},"image":{"@id":"https:\/\/perlitchtransport.com\/fr\/celebrons-le-jour-de-la-terre-avec-des-solutions-durables-de-transport-routier-de-marchandises\/#primaryimage"},"thumbnailUrl":"https:\/\/perlitchtransport.com\/wp-content\/uploads\/2025\/04\/photo_2025-04-12_00-39-04.jpg","datePublished":"2025-04-22T16:00:23+00:00","dateModified":"2025-04-22T17:50:48+00:00","description":"Chaque ann\u00e9e, le 22 avril, le monde entier c\u00e9l\u00e8bre la Journ\u00e9e de la Terre, un mouvement mondial d\u00e9di\u00e9 \u00e0 la protection de notre plan\u00e8te. Chez Perlitch Transport, le d\u00e9veloppement durable n'est pas seulement une chose \u00e0 laquelle nous pensons une fois par an - c'est une valeur fondamentale int\u00e9gr\u00e9e dans les op\u00e9rations quotidiennes.","breadcrumb":{"@id":"https:\/\/perlitchtransport.com\/fr\/celebrons-le-jour-de-la-terre-avec-des-solutions-durables-de-transport-routier-de-marchandises\/#breadcrumb"},"inLanguage":"fr-FR","potentialAction":[{"@type":"ReadAction","target":["https:\/\/perlitchtransport.com\/fr\/celebrons-le-jour-de-la-terre-avec-des-solutions-durables-de-transport-routier-de-marchandises\/"]}]},{"@type":"ImageObject","inLanguage":"fr-FR","@id":"https:\/\/perlitchtransport.com\/fr\/celebrons-le-jour-de-la-terre-avec-des-solutions-durables-de-transport-routier-de-marchandises\/#primaryimage","url":"https:\/\/perlitchtransport.com\/wp-content\/uploads\/2025\/04\/photo_2025-04-12_00-39-04.jpg","contentUrl":"https:\/\/perlitchtransport.com\/wp-content\/uploads\/2025\/04\/photo_2025-04-12_00-39-04.jpg","width":1280,"height":852},{"@type":"BreadcrumbList","@id":"https:\/\/perlitchtransport.com\/fr\/celebrons-le-jour-de-la-terre-avec-des-solutions-durables-de-transport-routier-de-marchandises\/#breadcrumb","itemListElement":[{"@type":"ListItem","position":1,"name":"Home","item":"https:\/\/perlitchtransport.com\/fr\/"},{"@type":"ListItem","position":2,"name":"Conduisez plus intelligemment, conduisez plus \u00e9cologiquement\u00a0: transport durable pour le Jour de la Terre"}]},{"@type":"WebSite","@id":"https:\/\/perlitchtransport.com\/fr\/#website","url":"https:\/\/perlitchtransport.com\/fr\/","name":"Perlitch Transport","description":"Delivering top-notch transportation and logistics solutions since 2007","publisher":{"@id":"https:\/\/perlitchtransport.com\/fr\/#organization"},"potentialAction":[{"@type":"SearchAction","target":{"@type":"EntryPoint","urlTemplate":"https:\/\/perlitchtransport.com\/fr\/?s={search_term_string}"},"query-input":{"@type":"PropertyValueSpecification","valueRequired":true,"valueName":"search_term_string"}}],"inLanguage":"fr-FR"},{"@type":"Organization","@id":"https:\/\/perlitchtransport.com\/fr\/#organization","name":"Perlitch Transport","url":"https:\/\/perlitchtransport.com\/fr\/","logo":{"@type":"ImageObject","inLanguage":"fr-FR","@id":"https:\/\/perlitchtransport.com\/fr\/#\/schema\/logo\/image\/","url":"https:\/\/perlitchtransport.com\/wp-content\/uploads\/2024\/11\/social_alt.jpg","contentUrl":"https:\/\/perlitchtransport.com\/wp-content\/uploads\/2024\/11\/social_alt.jpg","width":696,"height":696,"caption":"Perlitch Transport"},"image":{"@id":"https:\/\/perlitchtransport.com\/fr\/#\/schema\/logo\/image\/"},"sameAs":["https:\/\/www.linkedin.com\/company\/perlitch-transport\/posts\/?feedView=all","https:\/\/www.instagram.com\/perlitchtransport\/"]},{"@type":"Person","@id":"https:\/\/perlitchtransport.com\/fr\/#\/schema\/person\/aafe521cb4aca121f0d4d4697046a50e","name":"Samantha Hunchberger"}]}},"_links":{"self":[{"href":"https:\/\/perlitchtransport.com\/fr\/wp-json\/wp\/v2\/posts\/1755","targetHints":{"allow":["GET"]}}],"collection":[{"href":"https:\/\/perlitchtransport.com\/fr\/wp-json\/wp\/v2\/posts"}],"about":[{"href":"https:\/\/perlitchtransport.com\/fr\/wp-json\/wp\/v2\/types\/post"}],"author":[{"embeddable":true,"href":"https:\/\/perlitchtransport.com\/fr\/wp-json\/wp\/v2\/users\/2"}],"replies":[{"embeddable":true,"href":"https:\/\/perlitchtransport.com\/fr\/wp-json\/wp\/v2\/comments?post=1755"}],"version-history":[{"count":3,"href":"https:\/\/perlitchtransport.com\/fr\/wp-json\/wp\/v2\/posts\/1755\/revisions"}],"predecessor-version":[{"id":1760,"href":"https:\/\/perlitchtransport.com\/fr\/wp-json\/wp\/v2\/posts\/1755\/revisions\/1760"}],"wp:featuredmedia":[{"embeddable":true,"href":"https:\/\/perlitchtransport.com\/fr\/wp-json\/wp\/v2\/media\/1751"}],"wp:attachment":[{"href":"https:\/\/perlitchtransport.com\/fr\/wp-json\/wp\/v2\/media?parent=1755"}],"wp:term":[{"taxonomy":"category","embeddable":true,"href":"https:\/\/perlitchtransport.com\/fr\/wp-json\/wp\/v2\/categories?post=1755"},{"taxonomy":"post_tag","embeddable":true,"href":"https:\/\/perlitchtransport.com\/fr\/wp-json\/wp\/v2\/tags?post=1755"}],"curies":[{"name":"wp","href":"https:\/\/api.w.org\/{rel}","templated":true}]}}