{"id":1665,"date":"2025-02-18T21:01:30","date_gmt":"2025-02-19T02:01:30","guid":{"rendered":"https:\/\/perlitchtransport.com\/?p=1665"},"modified":"2025-02-18T21:01:30","modified_gmt":"2025-02-19T02:01:30","slug":"les-femmes-dans-la-chaine-dapprovisionnement-le-parcours-de-jenny-perlitch-de-la-resilience-a-la-reussite-commerciale","status":"publish","type":"post","link":"https:\/\/perlitchtransport.com\/fr\/les-femmes-dans-la-chaine-dapprovisionnement-le-parcours-de-jenny-perlitch-de-la-resilience-a-la-reussite-commerciale\/","title":{"rendered":"Les femmes dans la cha\u00eene d&#8217;approvisionnement : Le parcours de Jenny Perlitch, de la r\u00e9silience \u00e0 la r\u00e9ussite commerciale"},"content":{"rendered":"<img loading=\"lazy\" decoding=\"async\" class=\"alignnone wp-image-1667 size-full\" src=\"https:\/\/perlitchtransport.com\/wp-content\/uploads\/2025\/02\/Women-In-Supply-Chain-Jenny-Perlitch-2.jpg\" alt=\"\" width=\"1280\" height=\"720\" srcset=\"https:\/\/perlitchtransport.com\/wp-content\/uploads\/2025\/02\/Women-In-Supply-Chain-Jenny-Perlitch-2.jpg 1280w, https:\/\/perlitchtransport.com\/wp-content\/uploads\/2025\/02\/Women-In-Supply-Chain-Jenny-Perlitch-2-640x360.jpg 640w, https:\/\/perlitchtransport.com\/wp-content\/uploads\/2025\/02\/Women-In-Supply-Chain-Jenny-Perlitch-2-768x432.jpg 768w, https:\/\/perlitchtransport.com\/wp-content\/uploads\/2025\/02\/Women-In-Supply-Chain-Jenny-Perlitch-2-320x180.jpg 320w\" sizes=\"auto, (max-width: 1280px) 100vw, 1280px\" \/>\n<p><span style=\"font-weight: 400;\"><span style=\"vertical-align: inherit;\"><span style=\"vertical-align: inherit;\">Jenny Perlitch, CEO of <\/span><\/span><a href=\"https:\/\/perlitchtransport.com\/\" target=\"_blank\" rel=\"noopener\"><span style=\"vertical-align: inherit;\"><span style=\"vertical-align: inherit;\">Perlitch Transport<\/span><\/span><\/a><span style=\"vertical-align: inherit;\"><span style=\"vertical-align: inherit;\"> , joins Sarah Barnes-Humphrey on the Let\u2019s Talk Supply Chain podcast to share her journey as a pioneer for women in supply chain. As an asset-based transportation company leader and <\/span><\/span><a href=\"https:\/\/perlitchtransport.com\/technology\/\" target=\"_blank\" rel=\"noopener\"><span style=\"vertical-align: inherit;\"><span style=\"vertical-align: inherit;\">TMS software developer<\/span><\/span><\/a><span style=\"vertical-align: inherit;\"><span style=\"vertical-align: inherit;\"> , she discusses the challenges she\u2019s faced, the lessons she\u2019s learned, and the future of the industry.<\/span><\/span><\/span><\/p>\n<p><span style=\"font-weight: 400;\"><span style=\"vertical-align: inherit;\"><span style=\"vertical-align: inherit;\">As she recounts in this podcast, Jenny recalls the challenge of immigrating not once, but twice, leaving behind everything familiar and adapting to a new place each time. Each transition involved navigating a different language, culture, and way of life. Rather than letting these obstacles <\/span><\/span><\/span><i><span style=\"font-weight: 400;\"><span style=\"vertical-align: inherit;\"><span style=\"vertical-align: inherit;\">stop her<\/span><\/span><\/span><\/i><span style=\"font-weight: 400;\"><span style=\"vertical-align: inherit;\"><span style=\"vertical-align: inherit;\"> , Jenny approached them with resilience. She learned to adapt, became independent, and realized there was nothing she couldn\u2019t face.<\/span><\/span><\/span><\/p>\n<p><span style=\"font-weight: 400;\"><span style=\"vertical-align: inherit;\"><span style=\"vertical-align: inherit;\">Immigrating twice comes with many challenges, but for Jenny, these experiences have helped develop the resilience that has made her the strong-willed woman she is today.<\/span><\/span><\/span><\/p>\n<p>&nbsp;<\/p>\n<p><a href=\"https:\/\/www.youtube.com\/watch?v=GhSHcvSl7aM\" target=\"_blank\" rel=\"noopener\"><i><span style=\"font-weight: 400;\"><span style=\"vertical-align: inherit;\"><span style=\"vertical-align: inherit;\">\u201cI learned resilience and adaptability, which really helped me in the business world,\u201d<\/span><\/span><\/span><\/i><\/a><i><span style=\"font-weight: 400;\"><span style=\"vertical-align: inherit;\"><span style=\"vertical-align: inherit;\"> she said. <\/span><\/span><\/span><\/i><a href=\"https:\/\/www.youtube.com\/watch?v=GhSHcvSl7aM\" target=\"_blank\" rel=\"noopener\"><i><span style=\"font-weight: 400;\"><span style=\"vertical-align: inherit;\"><span style=\"vertical-align: inherit;\">\u201cIt made me independent and believed that things could be done.\u201d<\/span><\/span><\/span><\/i><\/a><\/p>\n<p>&nbsp;<\/p>\n<h3><b><span style=\"vertical-align: inherit;\"><span style=\"vertical-align: inherit;\">From IT to Supply Chain: Problem Solving Jenny&#8217;s Way<\/span><\/span><\/b><\/h3>\n<p><span style=\"font-weight: 400;\"><span style=\"vertical-align: inherit;\"><span style=\"vertical-align: inherit;\">While many may not see the connection between IT and supply chain management, Jenny\u2019s experience shows that problem-solving skills can transcend industries. <\/span><\/span><em><a href=\"https:\/\/letstalksupplychain.com\/episode-450-women-in-supply-chain-jenny-perlitch\/\" target=\"_blank\" rel=\"noopener\"><span style=\"vertical-align: inherit;\"><span style=\"vertical-align: inherit;\">\u201cIt\u2019s a way of thinking,\u201d<\/span><\/span><\/a><span style=\"vertical-align: inherit;\"><span style=\"vertical-align: inherit;\"> Jenny says of her transition. <\/span><\/span><a href=\"https:\/\/letstalksupplychain.com\/episode-450-women-in-supply-chain-jenny-perlitch\/\" target=\"_blank\" rel=\"noopener\"><span style=\"vertical-align: inherit;\"><span style=\"vertical-align: inherit;\">\u201cYou take something complex, break it down, automate the pieces, and then put it back together like a beautiful puzzle.\u201d<\/span><\/span><\/a><\/em><\/span><\/p>\n<p><span style=\"font-weight: 400;\"><span style=\"vertical-align: inherit;\"><span style=\"vertical-align: inherit;\">This analytical mindset has been instrumental in her role as a leader and entrepreneur in the transportation industry, including the founding of <\/span><\/span><a href=\"https:\/\/perlitchtransport.com\/\" target=\"_blank\" rel=\"noopener\"><span style=\"vertical-align: inherit;\"><span style=\"vertical-align: inherit;\">Perlitch Transport<\/span><\/span><\/a><span style=\"vertical-align: inherit;\"><span style=\"vertical-align: inherit;\"> in 2011. With <\/span><\/span><\/span><b><span style=\"vertical-align: inherit;\"><span style=\"vertical-align: inherit;\">IRT Technologies <\/span><\/span><\/b><span style=\"font-weight: 400;\"><span style=\"vertical-align: inherit;\"><span style=\"vertical-align: inherit;\">, a company she co-founded the same year, Jenny\u2019s approach has revolutionized the way companies address logistics challenges.<\/span><\/span><\/span><\/p>\n<p>&nbsp;<\/p>\n<h3><b><span style=\"vertical-align: inherit;\"><span style=\"vertical-align: inherit;\">A summer job that turned into a lifelong career<\/span><\/span><\/b><\/h3>\n<p><span style=\"font-weight: 400;\"><span style=\"vertical-align: inherit;\"><span style=\"vertical-align: inherit;\">It all started with a summer job. Jenny\u2019s fascination with supply chain management began when she realized how much she loved the challenges it presented. By stepping outside her comfort zone and solving problems, she discovered a true talent for the industry. The summer job turned into a lifelong career, and the rest, as they say, is history.<\/span><\/span><\/span><\/p>\n<p>&nbsp;<\/p>\n<h3><b><span style=\"vertical-align: inherit;\"><span style=\"vertical-align: inherit;\">Starting two businesses at the same time<\/span><\/span><\/b><\/h3>\n<p><span style=\"font-weight: 400;\"><span style=\"vertical-align: inherit;\"><span style=\"vertical-align: inherit;\">In 2011, Jenny not only co-founded IRT Technologies, but she also launched <\/span><\/span><a href=\"https:\/\/perlitchtransport.com\/\" target=\"_blank\" rel=\"noopener\"><span style=\"vertical-align: inherit;\"><span style=\"vertical-align: inherit;\">Perlitch Transport<\/span><\/span><\/a><span style=\"vertical-align: inherit;\"><span style=\"vertical-align: inherit;\"> . Juggling two businesses at once was no small feat, but Jenny took it all in stride. When asked why she took on such a daunting challenge, her answer is simple: \u201cI was single: I was single, I had to do something!\u201d<\/span><\/span><\/span><\/p>\n<p>&nbsp;<\/p>\n<h3><b><span style=\"vertical-align: inherit;\"><span style=\"vertical-align: inherit;\">Leading with your strengths (and owning your weaknesses)<\/span><\/span><\/b><\/h3>\n<p><span style=\"font-weight: 400;\"><span style=\"vertical-align: inherit;\"><span style=\"vertical-align: inherit;\">As a founder and CEO, Jenny loves the strategic side of business. She\u2019s always experimenting, measuring results, and finding what works best. But like all leaders, she\u2019s not afraid to admit her shortcomings. <\/span><\/span><\/span><a href=\"https:\/\/www.youtube.com\/watch?v=GhSHcvSl7aM\" target=\"_blank\" rel=\"noopener\"><em><span style=\"font-weight: 400;\"><span style=\"vertical-align: inherit;\"><span style=\"vertical-align: inherit;\">\u201cI\u2019m very fast-paced and sometimes I lack patience<\/span><\/span><\/span><\/em><\/a><span style=\"font-weight: 400;\"><span style=\"vertical-align: inherit;\"><span style=\"vertical-align: inherit;\"> ,\u201d she says. But instead of letting it hold her back, Jenny embraces her weaknesses by building a strong team around her and giving them the tools to shine.<\/span><\/span><\/span><\/p>\n<p>&nbsp;<\/p>\n<h3><b><span style=\"vertical-align: inherit;\"><span style=\"vertical-align: inherit;\">Meeting the Challenges: A Woman&#8217;s Perspective in a Male-Dominated Industry<\/span><\/span><\/b><\/h3>\n<p><span style=\"font-weight: 400;\"><span style=\"vertical-align: inherit;\"><span style=\"vertical-align: inherit;\">As <\/span><\/span><a href=\"https:\/\/perlitchtransport.com\/women-business-enterprises\/\" target=\"_blank\" rel=\"noopener\"><span style=\"vertical-align: inherit;\"><span style=\"vertical-align: inherit;\">a woman in the supply chain and transportation industry<\/span><\/span><\/a><span style=\"vertical-align: inherit;\"><span style=\"vertical-align: inherit;\"> , Jenny has faced her share of challenges, from being ignored to having her ideas dismissed. <\/span><\/span><\/span><em><a href=\"https:\/\/letstalksupplychain.com\/episode-450-women-in-supply-chain-jenny-perlitch\/\" target=\"_blank\" rel=\"noopener\"><span style=\"font-weight: 400;\"><span style=\"vertical-align: inherit;\"><span style=\"vertical-align: inherit;\">\u201cIt\u2019s a male-dominated industry,\u201d<\/span><\/span><\/span><\/a> <span style=\"font-weight: 400;\"><span style=\"vertical-align: inherit;\"><span style=\"vertical-align: inherit;\"> she says. <\/span><\/span><\/span> <a href=\"https:\/\/letstalksupplychain.com\/episode-450-women-in-supply-chain-jenny-perlitch\/\" target=\"_blank\" rel=\"noopener\"><span style=\"font-weight: 400;\"><span style=\"vertical-align: inherit;\"><span style=\"vertical-align: inherit;\">\u201cInitially, if I had a good idea, I would be brushed aside. They wouldn\u2019t take me seriously\u2026 Eventually, your voice gets low and apologetic.\u201d<\/span><\/span><\/span><\/a><\/em><\/p>\n<p><span style=\"font-weight: 400;\"><span style=\"vertical-align: inherit;\"><span style=\"vertical-align: inherit;\">But rather than succumb to frustration, Jenny chose to move forward. She found new doors to open and never stopped fighting for her voice to be heard. <\/span><\/span><a href=\"https:\/\/www.youtube.com\/watch?v=GhSHcvSl7aM\" target=\"_blank\" rel=\"noopener\"><em><span style=\"vertical-align: inherit;\"><span style=\"vertical-align: inherit;\">\u201cAt that point, you have to rebuild yourself and try another door<\/span><\/span><\/em><\/a><span style=\"vertical-align: inherit;\"><span style=\"vertical-align: inherit;\"> ,\u201d she said.<\/span><\/span><\/span><\/p>\n<p><span style=\"font-weight: 400;\"><span style=\"vertical-align: inherit;\"><span style=\"vertical-align: inherit;\">Her determination to succeed has inspired many others to break down barriers and take their place at the table, regardless of their gender or background.<\/span><\/span><\/span><\/p>\n<p>&nbsp;<\/p>\n<h3><b><span style=\"vertical-align: inherit;\"><span style=\"vertical-align: inherit;\">Want to know more?<\/span><\/span><\/b><\/h3>\n<p><span style=\"font-weight: 400;\"><span style=\"vertical-align: inherit;\"><span style=\"vertical-align: inherit;\">Jenny\u2019s journey is filled with invaluable lessons about leadership, resilience, and the importance of supporting diversity in business. To learn more about her inspiring career and get her tips for breaking barriers in the transportation industry, check out the full podcast episode.<\/span><\/span><\/span><\/p>\n<p>&nbsp;<\/p>\n<h3><b><span style=\"vertical-align: inherit;\"><span style=\"vertical-align: inherit;\">Listen Now! <\/span><\/span><\/b><a href=\"https:\/\/letstalksupplychain.com\/episode-450-women-in-supply-chain-jenny-perlitch\/\" target=\"_blank\" rel=\"noopener\"><span style=\"vertical-align: inherit;\"><span style=\"vertical-align: inherit;\">450: Women in Supply Chain, Jenny Perlitch<\/span><\/span><\/a><\/h3>\n","protected":false},"excerpt":{"rendered":"Jenny Perlitch, CEO of Perlitch Transport , joins Sarah Barnes-Humphrey on the Let\u2019s Talk Supply Chain podcast to share her journey as a pioneer for women in supply chain. As an asset-based transportation company leader and TMS software developer , she discusses the challenges she\u2019s faced, the lessons she\u2019s learned, and the future of the [&hellip;]","protected":false},"author":2,"featured_media":1669,"comment_status":"closed","ping_status":"closed","sticky":false,"template":"","format":"standard","meta":{"_acf_changed":false,"footnotes":""},"categories":[3],"tags":[],"class_list":["post-1665","post","type-post","status-publish","format-standard","has-post-thumbnail","hentry","category-non-classifiee"],"acf":[],"yoast_head":"<!-- This site is optimized with the Yoast SEO plugin v27.3 - https:\/\/yoast.com\/product\/yoast-seo-wordpress\/ -->\n<title>Les femmes dans la cha\u00eene d&#039;approvisionnement | Jenny Perlitch<\/title>\n<meta name=\"description\" content=\"Jenny Perlitch, PDG de Perlitch Transport, rejoint Sarah Barnes-Humphrey sur le podcast Let&#039;s Talk Supply Chain pour partager son parcours en tant que pionni\u00e8re des femmes dans la cha\u00eene d&#039;approvisionnement.\" \/>\n<meta name=\"robots\" content=\"index, follow, max-snippet:-1, max-image-preview:large, max-video-preview:-1\" \/>\n<link rel=\"canonical\" href=\"https:\/\/perlitchtransport.com\/fr\/les-femmes-dans-la-chaine-dapprovisionnement-le-parcours-de-jenny-perlitch-de-la-resilience-a-la-reussite-commerciale\/\" \/>\n<meta property=\"og:locale\" content=\"fr_FR\" \/>\n<meta property=\"og:type\" content=\"article\" \/>\n<meta property=\"og:title\" content=\"Les femmes dans la cha\u00eene d&#039;approvisionnement | Jenny Perlitch\" \/>\n<meta property=\"og:description\" content=\"Jenny Perlitch, PDG de Perlitch Transport, rejoint Sarah Barnes-Humphrey sur le podcast Let&#039;s Talk Supply Chain pour partager son parcours en tant que pionni\u00e8re des femmes dans la cha\u00eene d&#039;approvisionnement.\" \/>\n<meta property=\"og:url\" content=\"https:\/\/perlitchtransport.com\/fr\/les-femmes-dans-la-chaine-dapprovisionnement-le-parcours-de-jenny-perlitch-de-la-resilience-a-la-reussite-commerciale\/\" \/>\n<meta property=\"og:site_name\" content=\"Perlitch Transport\" \/>\n<meta property=\"article:published_time\" content=\"2025-02-19T02:01:30+00:00\" \/>\n<meta property=\"og:image\" content=\"https:\/\/perlitchtransport.com\/wp-content\/uploads\/2025\/02\/Women-In-Supply-Chain-Jenny-Perlitch-3.jpg\" \/>\n\t<meta property=\"og:image:width\" content=\"1280\" \/>\n\t<meta property=\"og:image:height\" content=\"720\" \/>\n\t<meta property=\"og:image:type\" content=\"image\/jpeg\" \/>\n<meta name=\"author\" content=\"Samantha Hunchberger\" \/>\n<meta name=\"twitter:card\" content=\"summary_large_image\" \/>\n<script type=\"application\/ld+json\" class=\"yoast-schema-graph\">{\"@context\":\"https:\\\/\\\/schema.org\",\"@graph\":[{\"@type\":\"Article\",\"@id\":\"https:\\\/\\\/perlitchtransport.com\\\/fr\\\/les-femmes-dans-la-chaine-dapprovisionnement-le-parcours-de-jenny-perlitch-de-la-resilience-a-la-reussite-commerciale\\\/#article\",\"isPartOf\":{\"@id\":\"https:\\\/\\\/perlitchtransport.com\\\/fr\\\/les-femmes-dans-la-chaine-dapprovisionnement-le-parcours-de-jenny-perlitch-de-la-resilience-a-la-reussite-commerciale\\\/\"},\"author\":{\"name\":\"Samantha Hunchberger\",\"@id\":\"https:\\\/\\\/perlitchtransport.com\\\/fr\\\/#\\\/schema\\\/person\\\/aafe521cb4aca121f0d4d4697046a50e\"},\"headline\":\"Les femmes dans la cha\u00eene d&#8217;approvisionnement : Le parcours de Jenny Perlitch, de la r\u00e9silience \u00e0 la r\u00e9ussite commerciale\",\"datePublished\":\"2025-02-19T02:01:30+00:00\",\"mainEntityOfPage\":{\"@id\":\"https:\\\/\\\/perlitchtransport.com\\\/fr\\\/les-femmes-dans-la-chaine-dapprovisionnement-le-parcours-de-jenny-perlitch-de-la-resilience-a-la-reussite-commerciale\\\/\"},\"wordCount\":713,\"publisher\":{\"@id\":\"https:\\\/\\\/perlitchtransport.com\\\/fr\\\/#organization\"},\"image\":{\"@id\":\"https:\\\/\\\/perlitchtransport.com\\\/fr\\\/les-femmes-dans-la-chaine-dapprovisionnement-le-parcours-de-jenny-perlitch-de-la-resilience-a-la-reussite-commerciale\\\/#primaryimage\"},\"thumbnailUrl\":\"https:\\\/\\\/perlitchtransport.com\\\/wp-content\\\/uploads\\\/2025\\\/02\\\/Women-In-Supply-Chain-Jenny-Perlitch-3.jpg\",\"articleSection\":[\"Non classifi\u00e9(e)\"],\"inLanguage\":\"fr-FR\"},{\"@type\":\"WebPage\",\"@id\":\"https:\\\/\\\/perlitchtransport.com\\\/fr\\\/les-femmes-dans-la-chaine-dapprovisionnement-le-parcours-de-jenny-perlitch-de-la-resilience-a-la-reussite-commerciale\\\/\",\"url\":\"https:\\\/\\\/perlitchtransport.com\\\/fr\\\/les-femmes-dans-la-chaine-dapprovisionnement-le-parcours-de-jenny-perlitch-de-la-resilience-a-la-reussite-commerciale\\\/\",\"name\":\"Les femmes dans la cha\u00eene d'approvisionnement | Jenny Perlitch\",\"isPartOf\":{\"@id\":\"https:\\\/\\\/perlitchtransport.com\\\/fr\\\/#website\"},\"primaryImageOfPage\":{\"@id\":\"https:\\\/\\\/perlitchtransport.com\\\/fr\\\/les-femmes-dans-la-chaine-dapprovisionnement-le-parcours-de-jenny-perlitch-de-la-resilience-a-la-reussite-commerciale\\\/#primaryimage\"},\"image\":{\"@id\":\"https:\\\/\\\/perlitchtransport.com\\\/fr\\\/les-femmes-dans-la-chaine-dapprovisionnement-le-parcours-de-jenny-perlitch-de-la-resilience-a-la-reussite-commerciale\\\/#primaryimage\"},\"thumbnailUrl\":\"https:\\\/\\\/perlitchtransport.com\\\/wp-content\\\/uploads\\\/2025\\\/02\\\/Women-In-Supply-Chain-Jenny-Perlitch-3.jpg\",\"datePublished\":\"2025-02-19T02:01:30+00:00\",\"description\":\"Jenny Perlitch, PDG de Perlitch Transport, rejoint Sarah Barnes-Humphrey sur le podcast Let's Talk Supply Chain pour partager son parcours en tant que pionni\u00e8re des femmes dans la cha\u00eene d'approvisionnement.\",\"breadcrumb\":{\"@id\":\"https:\\\/\\\/perlitchtransport.com\\\/fr\\\/les-femmes-dans-la-chaine-dapprovisionnement-le-parcours-de-jenny-perlitch-de-la-resilience-a-la-reussite-commerciale\\\/#breadcrumb\"},\"inLanguage\":\"fr-FR\",\"potentialAction\":[{\"@type\":\"ReadAction\",\"target\":[\"https:\\\/\\\/perlitchtransport.com\\\/fr\\\/les-femmes-dans-la-chaine-dapprovisionnement-le-parcours-de-jenny-perlitch-de-la-resilience-a-la-reussite-commerciale\\\/\"]}]},{\"@type\":\"ImageObject\",\"inLanguage\":\"fr-FR\",\"@id\":\"https:\\\/\\\/perlitchtransport.com\\\/fr\\\/les-femmes-dans-la-chaine-dapprovisionnement-le-parcours-de-jenny-perlitch-de-la-resilience-a-la-reussite-commerciale\\\/#primaryimage\",\"url\":\"https:\\\/\\\/perlitchtransport.com\\\/wp-content\\\/uploads\\\/2025\\\/02\\\/Women-In-Supply-Chain-Jenny-Perlitch-3.jpg\",\"contentUrl\":\"https:\\\/\\\/perlitchtransport.com\\\/wp-content\\\/uploads\\\/2025\\\/02\\\/Women-In-Supply-Chain-Jenny-Perlitch-3.jpg\",\"width\":1280,\"height\":720},{\"@type\":\"BreadcrumbList\",\"@id\":\"https:\\\/\\\/perlitchtransport.com\\\/fr\\\/les-femmes-dans-la-chaine-dapprovisionnement-le-parcours-de-jenny-perlitch-de-la-resilience-a-la-reussite-commerciale\\\/#breadcrumb\",\"itemListElement\":[{\"@type\":\"ListItem\",\"position\":1,\"name\":\"Home\",\"item\":\"https:\\\/\\\/perlitchtransport.com\\\/fr\\\/\"},{\"@type\":\"ListItem\",\"position\":2,\"name\":\"Les femmes dans la cha\u00eene d&#8217;approvisionnement : Le parcours de Jenny Perlitch, de la r\u00e9silience \u00e0 la r\u00e9ussite commerciale\"}]},{\"@type\":\"WebSite\",\"@id\":\"https:\\\/\\\/perlitchtransport.com\\\/fr\\\/#website\",\"url\":\"https:\\\/\\\/perlitchtransport.com\\\/fr\\\/\",\"name\":\"Perlitch Transport\",\"description\":\"Delivering top-notch transportation and logistics solutions since 2007\",\"publisher\":{\"@id\":\"https:\\\/\\\/perlitchtransport.com\\\/fr\\\/#organization\"},\"potentialAction\":[{\"@type\":\"SearchAction\",\"target\":{\"@type\":\"EntryPoint\",\"urlTemplate\":\"https:\\\/\\\/perlitchtransport.com\\\/fr\\\/?s={search_term_string}\"},\"query-input\":{\"@type\":\"PropertyValueSpecification\",\"valueRequired\":true,\"valueName\":\"search_term_string\"}}],\"inLanguage\":\"fr-FR\"},{\"@type\":\"Organization\",\"@id\":\"https:\\\/\\\/perlitchtransport.com\\\/fr\\\/#organization\",\"name\":\"Perlitch Transport\",\"url\":\"https:\\\/\\\/perlitchtransport.com\\\/fr\\\/\",\"logo\":{\"@type\":\"ImageObject\",\"inLanguage\":\"fr-FR\",\"@id\":\"https:\\\/\\\/perlitchtransport.com\\\/fr\\\/#\\\/schema\\\/logo\\\/image\\\/\",\"url\":\"https:\\\/\\\/perlitchtransport.com\\\/wp-content\\\/uploads\\\/2024\\\/11\\\/social_alt.jpg\",\"contentUrl\":\"https:\\\/\\\/perlitchtransport.com\\\/wp-content\\\/uploads\\\/2024\\\/11\\\/social_alt.jpg\",\"width\":696,\"height\":696,\"caption\":\"Perlitch Transport\"},\"image\":{\"@id\":\"https:\\\/\\\/perlitchtransport.com\\\/fr\\\/#\\\/schema\\\/logo\\\/image\\\/\"},\"sameAs\":[\"https:\\\/\\\/www.linkedin.com\\\/company\\\/perlitch-transport\\\/posts\\\/?feedView=all\",\"https:\\\/\\\/www.instagram.com\\\/perlitchtransport\\\/\"]},{\"@type\":\"Person\",\"@id\":\"https:\\\/\\\/perlitchtransport.com\\\/fr\\\/#\\\/schema\\\/person\\\/aafe521cb4aca121f0d4d4697046a50e\",\"name\":\"Samantha Hunchberger\"}]}<\/script>\n<!-- \/ Yoast SEO plugin. -->","yoast_head_json":{"title":"Les femmes dans la cha\u00eene d'approvisionnement | Jenny Perlitch","description":"Jenny Perlitch, PDG de Perlitch Transport, rejoint Sarah Barnes-Humphrey sur le podcast Let's Talk Supply Chain pour partager son parcours en tant que pionni\u00e8re des femmes dans la cha\u00eene d'approvisionnement.","robots":{"index":"index","follow":"follow","max-snippet":"max-snippet:-1","max-image-preview":"max-image-preview:large","max-video-preview":"max-video-preview:-1"},"canonical":"https:\/\/perlitchtransport.com\/fr\/les-femmes-dans-la-chaine-dapprovisionnement-le-parcours-de-jenny-perlitch-de-la-resilience-a-la-reussite-commerciale\/","og_locale":"fr_FR","og_type":"article","og_title":"Les femmes dans la cha\u00eene d'approvisionnement | Jenny Perlitch","og_description":"Jenny Perlitch, PDG de Perlitch Transport, rejoint Sarah Barnes-Humphrey sur le podcast Let's Talk Supply Chain pour partager son parcours en tant que pionni\u00e8re des femmes dans la cha\u00eene d'approvisionnement.","og_url":"https:\/\/perlitchtransport.com\/fr\/les-femmes-dans-la-chaine-dapprovisionnement-le-parcours-de-jenny-perlitch-de-la-resilience-a-la-reussite-commerciale\/","og_site_name":"Perlitch Transport","article_published_time":"2025-02-19T02:01:30+00:00","og_image":[{"width":1280,"height":720,"url":"https:\/\/perlitchtransport.com\/wp-content\/uploads\/2025\/02\/Women-In-Supply-Chain-Jenny-Perlitch-3.jpg","type":"image\/jpeg"}],"author":"Samantha Hunchberger","twitter_card":"summary_large_image","schema":{"@context":"https:\/\/schema.org","@graph":[{"@type":"Article","@id":"https:\/\/perlitchtransport.com\/fr\/les-femmes-dans-la-chaine-dapprovisionnement-le-parcours-de-jenny-perlitch-de-la-resilience-a-la-reussite-commerciale\/#article","isPartOf":{"@id":"https:\/\/perlitchtransport.com\/fr\/les-femmes-dans-la-chaine-dapprovisionnement-le-parcours-de-jenny-perlitch-de-la-resilience-a-la-reussite-commerciale\/"},"author":{"name":"Samantha Hunchberger","@id":"https:\/\/perlitchtransport.com\/fr\/#\/schema\/person\/aafe521cb4aca121f0d4d4697046a50e"},"headline":"Les femmes dans la cha\u00eene d&#8217;approvisionnement : Le parcours de Jenny Perlitch, de la r\u00e9silience \u00e0 la r\u00e9ussite commerciale","datePublished":"2025-02-19T02:01:30+00:00","mainEntityOfPage":{"@id":"https:\/\/perlitchtransport.com\/fr\/les-femmes-dans-la-chaine-dapprovisionnement-le-parcours-de-jenny-perlitch-de-la-resilience-a-la-reussite-commerciale\/"},"wordCount":713,"publisher":{"@id":"https:\/\/perlitchtransport.com\/fr\/#organization"},"image":{"@id":"https:\/\/perlitchtransport.com\/fr\/les-femmes-dans-la-chaine-dapprovisionnement-le-parcours-de-jenny-perlitch-de-la-resilience-a-la-reussite-commerciale\/#primaryimage"},"thumbnailUrl":"https:\/\/perlitchtransport.com\/wp-content\/uploads\/2025\/02\/Women-In-Supply-Chain-Jenny-Perlitch-3.jpg","articleSection":["Non classifi\u00e9(e)"],"inLanguage":"fr-FR"},{"@type":"WebPage","@id":"https:\/\/perlitchtransport.com\/fr\/les-femmes-dans-la-chaine-dapprovisionnement-le-parcours-de-jenny-perlitch-de-la-resilience-a-la-reussite-commerciale\/","url":"https:\/\/perlitchtransport.com\/fr\/les-femmes-dans-la-chaine-dapprovisionnement-le-parcours-de-jenny-perlitch-de-la-resilience-a-la-reussite-commerciale\/","name":"Les femmes dans la cha\u00eene d'approvisionnement | Jenny Perlitch","isPartOf":{"@id":"https:\/\/perlitchtransport.com\/fr\/#website"},"primaryImageOfPage":{"@id":"https:\/\/perlitchtransport.com\/fr\/les-femmes-dans-la-chaine-dapprovisionnement-le-parcours-de-jenny-perlitch-de-la-resilience-a-la-reussite-commerciale\/#primaryimage"},"image":{"@id":"https:\/\/perlitchtransport.com\/fr\/les-femmes-dans-la-chaine-dapprovisionnement-le-parcours-de-jenny-perlitch-de-la-resilience-a-la-reussite-commerciale\/#primaryimage"},"thumbnailUrl":"https:\/\/perlitchtransport.com\/wp-content\/uploads\/2025\/02\/Women-In-Supply-Chain-Jenny-Perlitch-3.jpg","datePublished":"2025-02-19T02:01:30+00:00","description":"Jenny Perlitch, PDG de Perlitch Transport, rejoint Sarah Barnes-Humphrey sur le podcast Let's Talk Supply Chain pour partager son parcours en tant que pionni\u00e8re des femmes dans la cha\u00eene d'approvisionnement.","breadcrumb":{"@id":"https:\/\/perlitchtransport.com\/fr\/les-femmes-dans-la-chaine-dapprovisionnement-le-parcours-de-jenny-perlitch-de-la-resilience-a-la-reussite-commerciale\/#breadcrumb"},"inLanguage":"fr-FR","potentialAction":[{"@type":"ReadAction","target":["https:\/\/perlitchtransport.com\/fr\/les-femmes-dans-la-chaine-dapprovisionnement-le-parcours-de-jenny-perlitch-de-la-resilience-a-la-reussite-commerciale\/"]}]},{"@type":"ImageObject","inLanguage":"fr-FR","@id":"https:\/\/perlitchtransport.com\/fr\/les-femmes-dans-la-chaine-dapprovisionnement-le-parcours-de-jenny-perlitch-de-la-resilience-a-la-reussite-commerciale\/#primaryimage","url":"https:\/\/perlitchtransport.com\/wp-content\/uploads\/2025\/02\/Women-In-Supply-Chain-Jenny-Perlitch-3.jpg","contentUrl":"https:\/\/perlitchtransport.com\/wp-content\/uploads\/2025\/02\/Women-In-Supply-Chain-Jenny-Perlitch-3.jpg","width":1280,"height":720},{"@type":"BreadcrumbList","@id":"https:\/\/perlitchtransport.com\/fr\/les-femmes-dans-la-chaine-dapprovisionnement-le-parcours-de-jenny-perlitch-de-la-resilience-a-la-reussite-commerciale\/#breadcrumb","itemListElement":[{"@type":"ListItem","position":1,"name":"Home","item":"https:\/\/perlitchtransport.com\/fr\/"},{"@type":"ListItem","position":2,"name":"Les femmes dans la cha\u00eene d&#8217;approvisionnement : Le parcours de Jenny Perlitch, de la r\u00e9silience \u00e0 la r\u00e9ussite commerciale"}]},{"@type":"WebSite","@id":"https:\/\/perlitchtransport.com\/fr\/#website","url":"https:\/\/perlitchtransport.com\/fr\/","name":"Perlitch Transport","description":"Delivering top-notch transportation and logistics solutions since 2007","publisher":{"@id":"https:\/\/perlitchtransport.com\/fr\/#organization"},"potentialAction":[{"@type":"SearchAction","target":{"@type":"EntryPoint","urlTemplate":"https:\/\/perlitchtransport.com\/fr\/?s={search_term_string}"},"query-input":{"@type":"PropertyValueSpecification","valueRequired":true,"valueName":"search_term_string"}}],"inLanguage":"fr-FR"},{"@type":"Organization","@id":"https:\/\/perlitchtransport.com\/fr\/#organization","name":"Perlitch Transport","url":"https:\/\/perlitchtransport.com\/fr\/","logo":{"@type":"ImageObject","inLanguage":"fr-FR","@id":"https:\/\/perlitchtransport.com\/fr\/#\/schema\/logo\/image\/","url":"https:\/\/perlitchtransport.com\/wp-content\/uploads\/2024\/11\/social_alt.jpg","contentUrl":"https:\/\/perlitchtransport.com\/wp-content\/uploads\/2024\/11\/social_alt.jpg","width":696,"height":696,"caption":"Perlitch Transport"},"image":{"@id":"https:\/\/perlitchtransport.com\/fr\/#\/schema\/logo\/image\/"},"sameAs":["https:\/\/www.linkedin.com\/company\/perlitch-transport\/posts\/?feedView=all","https:\/\/www.instagram.com\/perlitchtransport\/"]},{"@type":"Person","@id":"https:\/\/perlitchtransport.com\/fr\/#\/schema\/person\/aafe521cb4aca121f0d4d4697046a50e","name":"Samantha Hunchberger"}]}},"_links":{"self":[{"href":"https:\/\/perlitchtransport.com\/fr\/wp-json\/wp\/v2\/posts\/1665","targetHints":{"allow":["GET"]}}],"collection":[{"href":"https:\/\/perlitchtransport.com\/fr\/wp-json\/wp\/v2\/posts"}],"about":[{"href":"https:\/\/perlitchtransport.com\/fr\/wp-json\/wp\/v2\/types\/post"}],"author":[{"embeddable":true,"href":"https:\/\/perlitchtransport.com\/fr\/wp-json\/wp\/v2\/users\/2"}],"replies":[{"embeddable":true,"href":"https:\/\/perlitchtransport.com\/fr\/wp-json\/wp\/v2\/comments?post=1665"}],"version-history":[{"count":2,"href":"https:\/\/perlitchtransport.com\/fr\/wp-json\/wp\/v2\/posts\/1665\/revisions"}],"predecessor-version":[{"id":1672,"href":"https:\/\/perlitchtransport.com\/fr\/wp-json\/wp\/v2\/posts\/1665\/revisions\/1672"}],"wp:featuredmedia":[{"embeddable":true,"href":"https:\/\/perlitchtransport.com\/fr\/wp-json\/wp\/v2\/media\/1669"}],"wp:attachment":[{"href":"https:\/\/perlitchtransport.com\/fr\/wp-json\/wp\/v2\/media?parent=1665"}],"wp:term":[{"taxonomy":"category","embeddable":true,"href":"https:\/\/perlitchtransport.com\/fr\/wp-json\/wp\/v2\/categories?post=1665"},{"taxonomy":"post_tag","embeddable":true,"href":"https:\/\/perlitchtransport.com\/fr\/wp-json\/wp\/v2\/tags?post=1665"}],"curies":[{"name":"wp","href":"https:\/\/api.w.org\/{rel}","templated":true}]}}